{"id":2386,"date":"2025-05-22T13:18:56","date_gmt":"2025-05-22T13:18:56","guid":{"rendered":"https:\/\/diesterweg-grundschule-pirna.de\/?p=2386"},"modified":"2025-05-22T13:18:58","modified_gmt":"2025-05-22T13:18:58","slug":"unser-schulgarten-ist-startklar","status":"publish","type":"post","link":"http:\/\/diesterweg-grundschule-pirna.de\/?p=2386","title":{"rendered":"Unser Schulgarten ist startklar!"},"content":{"rendered":"\n<p>Mit viel Einsatz wurde unser Schulgarten gr\u00fcndlich gegrubbert und neu angelegt. Das hat ganz sch\u00f6n viel Arbeit gemacht \u2013 aber es hat sich gelohnt! Jetzt kann es richtig losgehen: Die Beete sind vorbereitet, die Erde ist locker, und die ersten Pflanzaktionen stehen schon in den Startl\u00f6chern.<\/p>\n\n\n\n<p>Unsere Sch\u00fclerinnen und Sch\u00fcler freuen sich darauf, den Garten mit Leben zu f\u00fcllen, selbst Hand anzulegen und dabei jede Menge \u00fcber Natur, Nachhaltigkeit und gesunde Ern\u00e4hrung zu lernen.<\/p>\n\n\n\n<p>Ein gro\u00dfes Dankesch\u00f6n an alle helfenden H\u00e4nde \u2013 die Pflanzsaison kann starten!<\/p>\n\n\n\n<figure class=\"wp-block-image size-full\"><img decoding=\"async\" src=\"https:\/\/diesterweg-grundschule-pirna.de\/wp-content\/uploads\/2025\/05\/IMG_1862.heic\" alt=\"\" class=\"wp-image-2388\"\/><\/figure>\n","protected":false},"excerpt":{"rendered":"<p>Mit viel Einsatz wurde unser Schulgarten gr\u00fcndlich gegrubbert und neu angelegt. Das hat ganz sch\u00f6n viel Arbeit gemacht \u2013 aber &hellip; <\/p>\n","protected":false},"author":1,"featured_media":2387,"comment_status":"closed","ping_status":"closed","sticky":false,"template":"","format":"standard","meta":{"ngg_post_thumbnail":0,"footnotes":""},"categories":[1],"tags":[],"class_list":["post-2386","post","type-post","status-publish","format-standard","has-post-thumbnail","hentry","category-uncategorized","latest_post"],"_links":{"self":[{"href":"http:\/\/diesterweg-grundschule-pirna.de\/index.php?rest_route=\/wp\/v2\/posts\/2386"}],"collection":[{"href":"http:\/\/diesterweg-grundschule-pirna.de\/index.php?rest_route=\/wp\/v2\/posts"}],"about":[{"href":"http:\/\/diesterweg-grundschule-pirna.de\/index.php?rest_route=\/wp\/v2\/types\/post"}],"author":[{"embeddable":true,"href":"http:\/\/diesterweg-grundschule-pirna.de\/index.php?rest_route=\/wp\/v2\/users\/1"}],"replies":[{"embeddable":true,"href":"http:\/\/diesterweg-grundschule-pirna.de\/index.php?rest_route=%2Fwp%2Fv2%2Fcomments&post=2386"}],"version-history":[{"count":1,"href":"http:\/\/diesterweg-grundschule-pirna.de\/index.php?rest_route=\/wp\/v2\/posts\/2386\/revisions"}],"predecessor-version":[{"id":2389,"href":"http:\/\/diesterweg-grundschule-pirna.de\/index.php?rest_route=\/wp\/v2\/posts\/2386\/revisions\/2389"}],"wp:featuredmedia":[{"embeddable":true,"href":"http:\/\/diesterweg-grundschule-pirna.de\/index.php?rest_route=\/wp\/v2\/media\/2387"}],"wp:attachment":[{"href":"http:\/\/diesterweg-grundschule-pirna.de\/index.php?rest_route=%2Fwp%2Fv2%2Fmedia&parent=2386"}],"wp:term":[{"taxonomy":"category","embeddable":true,"href":"http:\/\/diesterweg-grundschule-pirna.de\/index.php?rest_route=%2Fwp%2Fv2%2Fcategories&post=2386"},{"taxonomy":"post_tag","embeddable":true,"href":"http:\/\/diesterweg-grundschule-pirna.de\/index.php?rest_route=%2Fwp%2Fv2%2Ftags&post=2386"}],"curies":[{"name":"wp","href":"https:\/\/api.w.org\/{rel}","templated":true}]}}