{"id":2539,"date":"2026-09-04T11:38:30","date_gmt":"2026-09-04T11:38:30","guid":{"rendered":"https:\/\/diesterweg-grundschule-pirna.de\/?p=2539"},"modified":"2026-09-04T11:39:45","modified_gmt":"2026-09-04T11:39:45","slug":"summen-beobachten-und-gemeinsam-anpacken-unsere-schulimkerei-ist-wieder-gestartet","status":"publish","type":"post","link":"https:\/\/diesterweg-grundschule-pirna.de\/?p=2539","title":{"rendered":"Summen, beobachten und gemeinsam anpacken: Unsere Schulimkerei ist wieder gestartet!"},"content":{"rendered":"\n<p class=\"wp-block-paragraph\">Auch in diesem Schuljahr treffen sich Sch\u00fclerinnen und Sch\u00fcler, um die faszinierende Welt der Bienen kennenzulernen und unsere zwei Bienenv\u00f6lker zu betreuen. Mit dabei sind sowohl Sch\u00fclerinnen und Sch\u00fcler, die bereits im vergangenen Schuljahr Erfahrungen in der Imkerei sammeln konnten, als auch viele neue Gesichter. Gemeinsam lernen sie, wie ein Bienenvolk lebt, worauf bei der Pflege der Bienen zu achten ist und welche wichtige Rolle Bienen f\u00fcr unsere Umwelt spielen. Dabei gibt es nat\u00fcrlich auch jede Menge praktische Arbeit direkt an den Bienenst\u00f6cken. Wir freuen uns auf ein spannendes Imkereijahr und sind gespannt, was unsere Bienenv\u00f6lker in diesem Jahr zu bieten haben!<\/p>\n\n\n\n<figure class=\"wp-block-image size-full\"><img fetchpriority=\"high\" decoding=\"async\" width=\"1043\" height=\"417\" src=\"https:\/\/diesterweg-grundschule-pirna.de\/wp-content\/uploads\/2026\/09\/ChatGPT-Image-4.-Sept.-2026-10_04_17-Kopie.png\" alt=\"\" class=\"wp-image-2542\" srcset=\"https:\/\/diesterweg-grundschule-pirna.de\/wp-content\/uploads\/2026\/09\/ChatGPT-Image-4.-Sept.-2026-10_04_17-Kopie.png 1043w, https:\/\/diesterweg-grundschule-pirna.de\/wp-content\/uploads\/2026\/09\/ChatGPT-Image-4.-Sept.-2026-10_04_17-Kopie-300x120.png 300w, https:\/\/diesterweg-grundschule-pirna.de\/wp-content\/uploads\/2026\/09\/ChatGPT-Image-4.-Sept.-2026-10_04_17-Kopie-768x307.png 768w\" sizes=\"(max-width: 1043px) 100vw, 1043px\" \/><\/figure>\n","protected":false},"excerpt":{"rendered":"<p>Auch in diesem Schuljahr treffen sich Sch\u00fclerinnen und Sch\u00fcler, um die faszinierende Welt der Bienen kennenzulernen und unsere zwei Bienenv\u00f6lker &hellip; <\/p>\n","protected":false},"author":1,"featured_media":2540,"comment_status":"closed","ping_status":"closed","sticky":false,"template":"","format":"standard","meta":{"ngg_post_thumbnail":0,"footnotes":""},"categories":[1],"tags":[],"class_list":["post-2539","post","type-post","status-publish","format-standard","has-post-thumbnail","hentry","category-uncategorized","latest_post"],"_links":{"self":[{"href":"https:\/\/diesterweg-grundschule-pirna.de\/index.php?rest_route=\/wp\/v2\/posts\/2539","targetHints":{"allow":["GET"]}}],"collection":[{"href":"https:\/\/diesterweg-grundschule-pirna.de\/index.php?rest_route=\/wp\/v2\/posts"}],"about":[{"href":"https:\/\/diesterweg-grundschule-pirna.de\/index.php?rest_route=\/wp\/v2\/types\/post"}],"author":[{"embeddable":true,"href":"https:\/\/diesterweg-grundschule-pirna.de\/index.php?rest_route=\/wp\/v2\/users\/1"}],"replies":[{"embeddable":true,"href":"https:\/\/diesterweg-grundschule-pirna.de\/index.php?rest_route=%2Fwp%2Fv2%2Fcomments&post=2539"}],"version-history":[{"count":2,"href":"https:\/\/diesterweg-grundschule-pirna.de\/index.php?rest_route=\/wp\/v2\/posts\/2539\/revisions"}],"predecessor-version":[{"id":2543,"href":"https:\/\/diesterweg-grundschule-pirna.de\/index.php?rest_route=\/wp\/v2\/posts\/2539\/revisions\/2543"}],"wp:featuredmedia":[{"embeddable":true,"href":"https:\/\/diesterweg-grundschule-pirna.de\/index.php?rest_route=\/wp\/v2\/media\/2540"}],"wp:attachment":[{"href":"https:\/\/diesterweg-grundschule-pirna.de\/index.php?rest_route=%2Fwp%2Fv2%2Fmedia&parent=2539"}],"wp:term":[{"taxonomy":"category","embeddable":true,"href":"https:\/\/diesterweg-grundschule-pirna.de\/index.php?rest_route=%2Fwp%2Fv2%2Fcategories&post=2539"},{"taxonomy":"post_tag","embeddable":true,"href":"https:\/\/diesterweg-grundschule-pirna.de\/index.php?rest_route=%2Fwp%2Fv2%2Ftags&post=2539"}],"curies":[{"name":"wp","href":"https:\/\/api.w.org\/{rel}","templated":true}]}}